{"id":132,"count":7,"description":"","link":"https:\/\/lco-cdo.org\/fr\/taxonomie-projet\/reei-federal-capacite-et-representation\/","name":"REEI f\u00e9d\u00e9ral, capacit\u00e9 et repr\u00e9sentation","slug":"reei-federal-capacite-et-representation","taxonomy":"project-taxonomy","meta":{"slim_seo":[]},"meta_box":[],"_links":{"self":[{"href":"https:\/\/lco-cdo.org\/fr\/wp-json\/wp\/v2\/project-taxonomy\/132","targetHints":{"allow":["GET"]}}],"collection":[{"href":"https:\/\/lco-cdo.org\/fr\/wp-json\/wp\/v2\/project-taxonomy"}],"about":[{"href":"https:\/\/lco-cdo.org\/fr\/wp-json\/wp\/v2\/taxonomies\/project-taxonomy"}],"wp:post_type":[{"href":"https:\/\/lco-cdo.org\/fr\/wp-json\/wp\/v2\/project?project-taxonomy=132"},{"href":"https:\/\/lco-cdo.org\/fr\/wp-json\/wp\/v2\/publication?project-taxonomy=132"}],"curies":[{"name":"wp","href":"https:\/\/api.w.org\/{rel}","templated":true}]}}